{"id":10551,"date":"2020-08-24T14:39:00","date_gmt":"2020-08-24T14:39:00","guid":{"rendered":"https:\/\/www.iep.pt\/covid-19-o-virus-que-nos-tapou-a-cara-e-nos-fez-andar-as-cotoveladas\/"},"modified":"2021-08-23T09:25:08","modified_gmt":"2021-08-23T09:25:08","slug":"covid-19-o-virus-que-nos-tapou-a-cara-e-nos-fez-andar-as-cotoveladas","status":"publish","type":"post","link":"https:\/\/www.iep.pt\/en\/covid-19-o-virus-que-nos-tapou-a-cara-e-nos-fez-andar-as-cotoveladas\/","title":{"rendered":"Covid-19 \u2013 O v\u00edrus que nos tapou a cara e nos fez andar \u00e0s cotoveladas\u2026"},"content":{"rendered":"\n<p>Em artigo publicado na revista \u201cO Instalador\u201d, Francisco Peixoto, Formador do IEP (T\u00e9cnico de Emerg\u00eancia Pr\u00e9-Hospitalar no INEM e o Respons\u00e1vel norte da equipa TEPH de preven\u00e7\u00e3o ao v\u00edrus \u00c9bola),\u00a0 fala-nos acerca do\u00a0corona v\u00edrus (Sars-CoV-2), um v\u00edrus recente que tem feito parte do nosso dia-a-dia alterando muitos dos nossos h\u00e1bitos e que causa a infe\u00e7\u00e3o Covid-19, com toda a certeza a mais falada na atualidade a n\u00edvel mundial.<\/p>\n\n<p>A informa\u00e7\u00e3o sobre o v\u00edrus foi sendo adquirida e divulgada ap\u00f3s o surto ocorrido na China, na regi\u00e3o de Wuhan, em dezembro de 2019. Rapidamente este v\u00edrus, de cont\u00e1gio f\u00e1cil, de tratamento dif\u00edcil nos casos mais graves e por consequ\u00eancia uma mortalidade que ronda os 4%, se propagou por todos os continentes sem descrimina\u00e7\u00e3o alguma, seja ela racial, social e\/ou de g\u00e9nero. Atualmente estima-se que a mortalidade mundial ronde os 620 mil.<\/p>\n\n<p>O Covid-19 \u00e9 um v\u00edrus mortal para o ser humano, contudo uma grande percentagem dos infetados tem sintomatologias ligeiras a moderadas, recuperando sem necessidade de tratamento hospitalar diferenciado. Os sintomas mais comuns registados s\u00e3o a tosse constante sem expetora\u00e7\u00e3o, temperatura corporal elevada, dores musculares, dores de cabe\u00e7a \u2013 cefaleias-, sensa\u00e7\u00e3o de cansa\u00e7o e falta de energia para as tarefas do dia-a-dia e dificuldade a respirar, contudo tamb\u00e9m \u00e9 relatado a perda de olfato, do paladar e altera\u00e7\u00f5es gastrointestinais.<\/p>\n\n<p>Atualmente a melhor forma de atenuar a dissemina\u00e7\u00e3o e baixar os casos de cont\u00e1gio, dispondo de informa\u00e7\u00e3o cred\u00edvel sobre os riscos para a sa\u00fade potenciando a prote\u00e7\u00e3o, \u00e9 a preven\u00e7\u00e3o, quer pelo uso de m\u00e1scaras, as quais podem variar conforme a situa\u00e7\u00e3o, desde a m\u00e1scara social, m\u00e1scara cir\u00fargica ou as mascaras FFP2 e FFP3; quer pela lavagem de m\u00e3os frequente e desinfe\u00e7\u00e3o com SABA \u2013 solu\u00e7\u00e3o antiss\u00e9ptica de base alco\u00f3lica); quer pelo, t\u00e3o referido e apregoado, distanciamento social; quer pela etiqueta respirat\u00f3ria cobrindo a boca e o nariz com a dobra interna do cotovelo ou com len\u00e7o de papel quando tosse ou espirra; quer pela autodisciplina de n\u00e3o tocar com as m\u00e3os na cara, olhos, boca e\/ou nariz; mantendo as superf\u00edcies limpas e desinfetadas; a n\u00e3o partilha de objetos pessoais; mas principalmente com bom senso, respeito e boas pr\u00e1ticas.<\/p>\n\n<p>Com a informa\u00e7\u00e3o \u00e0 data que dispomos, as formas de cont\u00e1gio n\u00e3o s\u00e3o muito vastas, apenas acontece caso tenha tido contacto com algu\u00e9m infetado, algu\u00e9m infetado tossir ou espirrar na sua dire\u00e7\u00e3o ou tocar em alguma superf\u00edcie infetada contendo pequenas got\u00edculas de tosse ou espirro de pessoas infetadas, muitas vezes n\u00e3o vis\u00edveis a olho nu, e depois tocar na boca, nariz ou olhos.<\/p>\n\n<p>Este v\u00edrus resiste v\u00e1rias horas ou mesmo dias, dependendo da superf\u00edcie e das condi\u00e7\u00f5es a que fica sujeito. Estando n\u00f3s a falar de um v\u00edrus, os antibi\u00f3ticos n\u00e3o t\u00eam efic\u00e1cia no seu tratamento sendo a vacina a solu\u00e7\u00e3o t\u00e3o desejada.<\/p>\n\n<p>Na aus\u00eancia de solu\u00e7\u00e3o efetiva vamos tapando boca e nariz com m\u00e1scara e cumprimentando com os cotovelos\u2026<\/p>\n\n<p>Com base nesta informa\u00e7\u00e3o e porque o IEP procura constantemente ir de encontro \u00e0s necessidades dos clientes, elaboramos uma a\u00e7\u00e3o\u00a0 de forma\u00e7\u00e3o direcionada para as empresas e que lhes permitir\u00e1: sistematizar e implementar as principais medidas de preven\u00e7\u00e3o da COVID-19 de acordo com as orienta\u00e7\u00f5es da Dire\u00e7\u00e3o Geral da Sa\u00fade, contribuindo para o bom funcionamento das empresas e simultaneamente evitar o absentismo, a doen\u00e7a e as perdas de produ\u00e7\u00e3o causadas pela pandemia.<\/p>\n\n<p>Vamos todos (e cada um de n\u00f3s) fazer a nossa parte!<\/p>\n","protected":false},"excerpt":{"rendered":"<p>Em artigo publicado na revista \u201cO Instalador\u201d, Francisco Peixoto, Formador do IEP (T\u00e9cnico de Emerg\u00eancia Pr\u00e9-Hospitalar no INEM e o Respons\u00e1vel norte da equipa TEPH de preven\u00e7\u00e3o ao v\u00edrus \u00c9bola),\u00a0 &hellip;<\/p>\n<p class=\"read-more\"> <a class=\"ast-button\" href=\"https:\/\/www.iep.pt\/en\/covid-19-o-virus-que-nos-tapou-a-cara-e-nos-fez-andar-as-cotoveladas\/\"> <span class=\"screen-reader-text\">Covid-19 \u2013 O v\u00edrus que nos tapou a cara e nos fez andar \u00e0s cotoveladas\u2026<\/span> Descubra mais<\/a><\/p>\n","protected":false},"author":2,"featured_media":10334,"comment_status":"closed","ping_status":"open","sticky":false,"template":"","format":"standard","meta":{"spay_email":"","jetpack_publicize_message":"","jetpack_is_tweetstorm":false,"jetpack_publicize_feature_enabled":true},"categories":[],"tags":[],"acf":[],"jetpack_featured_media_url":"https:\/\/www.iep.pt\/wp-content\/uploads\/2020\/09\/Covid.png","_links":{"self":[{"href":"https:\/\/www.iep.pt\/en\/wp-json\/wp\/v2\/posts\/10551"}],"collection":[{"href":"https:\/\/www.iep.pt\/en\/wp-json\/wp\/v2\/posts"}],"about":[{"href":"https:\/\/www.iep.pt\/en\/wp-json\/wp\/v2\/types\/post"}],"author":[{"embeddable":true,"href":"https:\/\/www.iep.pt\/en\/wp-json\/wp\/v2\/users\/2"}],"replies":[{"embeddable":true,"href":"https:\/\/www.iep.pt\/en\/wp-json\/wp\/v2\/comments?post=10551"}],"version-history":[{"count":0,"href":"https:\/\/www.iep.pt\/en\/wp-json\/wp\/v2\/posts\/10551\/revisions"}],"wp:featuredmedia":[{"embeddable":true,"href":"https:\/\/www.iep.pt\/en\/wp-json\/wp\/v2\/media\/10334"}],"wp:attachment":[{"href":"https:\/\/www.iep.pt\/en\/wp-json\/wp\/v2\/media?parent=10551"}],"wp:term":[{"taxonomy":"category","embeddable":true,"href":"https:\/\/www.iep.pt\/en\/wp-json\/wp\/v2\/categories?post=10551"},{"taxonomy":"post_tag","embeddable":true,"href":"https:\/\/www.iep.pt\/en\/wp-json\/wp\/v2\/tags?post=10551"}],"curies":[{"name":"wp","href":"https:\/\/api.w.org\/{rel}","templated":true}]}}