{"id":10552,"date":"2020-07-24T14:39:00","date_gmt":"2020-07-24T14:39:00","guid":{"rendered":"https:\/\/www.iep.pt\/a-amplitude-da-termografia-na-industria\/"},"modified":"2021-08-23T09:25:27","modified_gmt":"2021-08-23T09:25:27","slug":"a-amplitude-da-termografia-na-industria","status":"publish","type":"post","link":"https:\/\/www.iep.pt\/en\/a-amplitude-da-termografia-na-industria\/","title":{"rendered":"A amplitude da termografia na Ind\u00fastria"},"content":{"rendered":"\n<p>Na manuten\u00e7\u00e3o industrial \u00e9 cada vez mais cr\u00edtico garantir um carater preditivo das avalia\u00e7\u00f5es que se desenvolvem junto dos equipamentos produtivos. Antecipar com exatid\u00e3o a necessidade de uma interven\u00e7\u00e3o de manuten\u00e7\u00e3o com car\u00e1cter preventivo evita frequentemente custos de repara\u00e7\u00e3o inopinada, os quais podem representar preju\u00edzo por via de atrasos na produ\u00e7\u00e3o e at\u00e9 mesmo podendo acarretar danos reputacionais relevantes para a empresa.<\/p>\n\n<p>Efetivamente, a utiliza\u00e7\u00e3o de imagens termogr\u00e1ficas, como elemento de diagn\u00f3stico, no decorrer de um processo de manuten\u00e7\u00e3o, representa uma ajuda preciosa da mitiga\u00e7\u00e3o de custos diversos inerentes a cada processo produtivo espec\u00edfico, desde que aplic\u00e1vel.<\/p>\n\n<p>A utiliza\u00e7\u00e3o de termografia conhece aplica\u00e7\u00f5es que v\u00e3o desde a medicina (identifica\u00e7\u00e3o de processo inflamat\u00f3rios), medidas preven\u00e7\u00e3o no \u00e2mbito da sa\u00fade p\u00fablica (COVID-19), constru\u00e7\u00e3o civil (identifica\u00e7\u00e3o de infiltra\u00e7\u00e3o de humidade e fugas de \u00e1gua), ind\u00fastria pesada (fornos, distribui\u00e7\u00e3o el\u00e9trica, condutas de distribui\u00e7\u00e3o de fluidos t\u00e9rmicos, sistemas de climatiza\u00e7\u00e3o), produ\u00e7\u00e3o e energia (parques fotovoltaicos e subesta\u00e7\u00f5es), etc.<\/p>\n","protected":false},"excerpt":{"rendered":"<p>Na manuten\u00e7\u00e3o industrial \u00e9 cada vez mais cr\u00edtico garantir um carater preditivo das avalia\u00e7\u00f5es que se desenvolvem junto dos equipamentos produtivos. Antecipar com exatid\u00e3o a necessidade de uma interven\u00e7\u00e3o de &hellip;<\/p>\n<p class=\"read-more\"> <a class=\"ast-button\" href=\"https:\/\/www.iep.pt\/en\/a-amplitude-da-termografia-na-industria\/\"> <span class=\"screen-reader-text\">A amplitude da termografia na Ind\u00fastria<\/span> Descubra mais<\/a><\/p>\n","protected":false},"author":2,"featured_media":10333,"comment_status":"closed","ping_status":"open","sticky":false,"template":"","format":"standard","meta":{"spay_email":"","jetpack_publicize_message":"","jetpack_is_tweetstorm":false,"jetpack_publicize_feature_enabled":true},"categories":[],"tags":[],"acf":[],"jetpack_featured_media_url":"https:\/\/www.iep.pt\/wp-content\/uploads\/2020\/09\/A-amplitude-da-termografia-na-Industria-1.png","_links":{"self":[{"href":"https:\/\/www.iep.pt\/en\/wp-json\/wp\/v2\/posts\/10552"}],"collection":[{"href":"https:\/\/www.iep.pt\/en\/wp-json\/wp\/v2\/posts"}],"about":[{"href":"https:\/\/www.iep.pt\/en\/wp-json\/wp\/v2\/types\/post"}],"author":[{"embeddable":true,"href":"https:\/\/www.iep.pt\/en\/wp-json\/wp\/v2\/users\/2"}],"replies":[{"embeddable":true,"href":"https:\/\/www.iep.pt\/en\/wp-json\/wp\/v2\/comments?post=10552"}],"version-history":[{"count":0,"href":"https:\/\/www.iep.pt\/en\/wp-json\/wp\/v2\/posts\/10552\/revisions"}],"wp:featuredmedia":[{"embeddable":true,"href":"https:\/\/www.iep.pt\/en\/wp-json\/wp\/v2\/media\/10333"}],"wp:attachment":[{"href":"https:\/\/www.iep.pt\/en\/wp-json\/wp\/v2\/media?parent=10552"}],"wp:term":[{"taxonomy":"category","embeddable":true,"href":"https:\/\/www.iep.pt\/en\/wp-json\/wp\/v2\/categories?post=10552"},{"taxonomy":"post_tag","embeddable":true,"href":"https:\/\/www.iep.pt\/en\/wp-json\/wp\/v2\/tags?post=10552"}],"curies":[{"name":"wp","href":"https:\/\/api.w.org\/{rel}","templated":true}]}}