{"id":10564,"date":"2020-04-06T14:50:00","date_gmt":"2020-04-06T14:50:00","guid":{"rendered":"https:\/\/www.iep.pt\/ventiladores-made-in-portugal-em-contra-relogio-no-combate-a-covid-19\/"},"modified":"2021-08-23T09:28:51","modified_gmt":"2021-08-23T09:28:51","slug":"ventiladores-made-in-portugal-em-contra-relogio-no-combate-a-covid-19","status":"publish","type":"post","link":"https:\/\/www.iep.pt\/en\/ventiladores-made-in-portugal-em-contra-relogio-no-combate-a-covid-19\/","title":{"rendered":"Ventiladores \u201cmade in\u201d Portugal em contra-rel\u00f3gio no combate \u00e0 covid-19"},"content":{"rendered":"\n<p><a href=\"https:\/\/www.publico.pt\/2020\/04\/03\/ciencia\/noticia\/ventiladores-made-in-portugal-contrarelogio-combate-covid19-1910873\">Ventiladores \u201cmade in\u201d Portugal em contra-rel\u00f3gio no combate \u00e0 covid-19<\/a><br\/>O IEP \u00e9 um orgulhoso parceiro deste projeto coordenado pelo INESC!\u00a0\ud83d\udc4f\ud83d\udc4f<br\/>Estamos todos junto no fundamental: salvar vidas!!<\/p>\n","protected":false},"excerpt":{"rendered":"<p>Ventiladores \u201cmade in\u201d Portugal em contra-rel\u00f3gio no combate \u00e0 covid-19O IEP \u00e9 um orgulhoso parceiro deste projeto coordenado pelo INESC!\u00a0\ud83d\udc4f\ud83d\udc4fEstamos todos junto no fundamental: salvar vidas!!<\/p>\n","protected":false},"author":2,"featured_media":10325,"comment_status":"closed","ping_status":"open","sticky":false,"template":"","format":"standard","meta":{"spay_email":"","jetpack_publicize_message":"","jetpack_is_tweetstorm":false,"jetpack_publicize_feature_enabled":true},"categories":[],"tags":[],"acf":[],"jetpack_featured_media_url":"https:\/\/www.iep.pt\/wp-content\/uploads\/2020\/09\/INESC.png","_links":{"self":[{"href":"https:\/\/www.iep.pt\/en\/wp-json\/wp\/v2\/posts\/10564"}],"collection":[{"href":"https:\/\/www.iep.pt\/en\/wp-json\/wp\/v2\/posts"}],"about":[{"href":"https:\/\/www.iep.pt\/en\/wp-json\/wp\/v2\/types\/post"}],"author":[{"embeddable":true,"href":"https:\/\/www.iep.pt\/en\/wp-json\/wp\/v2\/users\/2"}],"replies":[{"embeddable":true,"href":"https:\/\/www.iep.pt\/en\/wp-json\/wp\/v2\/comments?post=10564"}],"version-history":[{"count":0,"href":"https:\/\/www.iep.pt\/en\/wp-json\/wp\/v2\/posts\/10564\/revisions"}],"wp:featuredmedia":[{"embeddable":true,"href":"https:\/\/www.iep.pt\/en\/wp-json\/wp\/v2\/media\/10325"}],"wp:attachment":[{"href":"https:\/\/www.iep.pt\/en\/wp-json\/wp\/v2\/media?parent=10564"}],"wp:term":[{"taxonomy":"category","embeddable":true,"href":"https:\/\/www.iep.pt\/en\/wp-json\/wp\/v2\/categories?post=10564"},{"taxonomy":"post_tag","embeddable":true,"href":"https:\/\/www.iep.pt\/en\/wp-json\/wp\/v2\/tags?post=10564"}],"curies":[{"name":"wp","href":"https:\/\/api.w.org\/{rel}","templated":true}]}}