{"id":13014,"date":"2021-08-20T16:44:40","date_gmt":"2021-08-20T16:44:40","guid":{"rendered":"https:\/\/www.iep.pt\/reportagem-da-revista-o-electricista-iep-promove-congresso-inovacao-energia-e-economia-digital\/"},"modified":"2021-09-09T16:28:38","modified_gmt":"2021-09-09T16:28:38","slug":"reportagem-da-revista-o-electricista-iep-promove-congresso-inovacao-energia-e-economia-digital","status":"publish","type":"post","link":"https:\/\/www.iep.pt\/es\/reportagem-da-revista-o-electricista-iep-promove-congresso-inovacao-energia-e-economia-digital\/","title":{"rendered":"Reportagem da revista \u201cO Electricista\u201d \u2013 IEP promove Congresso \u201cInova\u00e7\u00e3o, Energia e Economia Digital\u201d"},"content":{"rendered":"\n<p>Foi no passado dia 20 de mar\u00e7o que a Funda\u00e7\u00e3o Dr. Ant\u00f3nio Cupertino de Miranda, numa das principais art\u00e9rias da cidade do Porto, recebeu o Congresso \u201cInova\u00e7\u00e3o, Energia e Economia Digital\u201d. Promovido pelo IEP \u2013 Instituto Electrot\u00e9cnico Portugu\u00eas, esta iniciativa debateu diversas tem\u00e1ticas como a inova\u00e7\u00e3o como motor da competitividade industrial, a Ind\u00fastria 4.0, a import\u00e2ncia da normaliza\u00e7\u00e3o na transforma\u00e7\u00e3o digital da economia e a internacionaliza\u00e7\u00e3o do know-how portugu\u00eas nas energias renov\u00e1veis.<\/p>\n\n\n\n<p>Leia&nbsp;<a href=\"https:\/\/www.iep.pt\/wp-content\/uploads\/2019\/05\/Congresso-IEP.pdf\">aqui<\/a>&nbsp;a reportagem completa<\/p>\n","protected":false},"excerpt":{"rendered":"<p>Foi no passado dia 20 de mar\u00e7o que a Funda\u00e7\u00e3o Dr. Ant\u00f3nio Cupertino de Miranda, numa das principais art\u00e9rias da cidade do Porto, recebeu o Congresso \u201cInova\u00e7\u00e3o, Energia e Economia &hellip;<\/p>\n<p class=\"read-more\"> <a class=\"ast-button\" href=\"https:\/\/www.iep.pt\/es\/reportagem-da-revista-o-electricista-iep-promove-congresso-inovacao-energia-e-economia-digital\/\"> <span class=\"screen-reader-text\">Reportagem da revista \u201cO Electricista\u201d \u2013 IEP promove Congresso \u201cInova\u00e7\u00e3o, Energia e Economia Digital\u201d<\/span> Descubra mais<\/a><\/p>\n","protected":false},"author":2,"featured_media":13899,"comment_status":"closed","ping_status":"open","sticky":false,"template":"","format":"standard","meta":{"spay_email":"","jetpack_publicize_message":"","jetpack_is_tweetstorm":false,"jetpack_publicize_feature_enabled":true},"categories":[],"tags":[],"acf":[],"jetpack_featured_media_url":"https:\/\/www.iep.pt\/wp-content\/uploads\/2021\/08\/Congresso-IEP-e1557758842572.png","_links":{"self":[{"href":"https:\/\/www.iep.pt\/es\/wp-json\/wp\/v2\/posts\/13014"}],"collection":[{"href":"https:\/\/www.iep.pt\/es\/wp-json\/wp\/v2\/posts"}],"about":[{"href":"https:\/\/www.iep.pt\/es\/wp-json\/wp\/v2\/types\/post"}],"author":[{"embeddable":true,"href":"https:\/\/www.iep.pt\/es\/wp-json\/wp\/v2\/users\/2"}],"replies":[{"embeddable":true,"href":"https:\/\/www.iep.pt\/es\/wp-json\/wp\/v2\/comments?post=13014"}],"version-history":[{"count":0,"href":"https:\/\/www.iep.pt\/es\/wp-json\/wp\/v2\/posts\/13014\/revisions"}],"wp:featuredmedia":[{"embeddable":true,"href":"https:\/\/www.iep.pt\/es\/wp-json\/wp\/v2\/media\/13899"}],"wp:attachment":[{"href":"https:\/\/www.iep.pt\/es\/wp-json\/wp\/v2\/media?parent=13014"}],"wp:term":[{"taxonomy":"category","embeddable":true,"href":"https:\/\/www.iep.pt\/es\/wp-json\/wp\/v2\/categories?post=13014"},{"taxonomy":"post_tag","embeddable":true,"href":"https:\/\/www.iep.pt\/es\/wp-json\/wp\/v2\/tags?post=13014"}],"curies":[{"name":"wp","href":"https:\/\/api.w.org\/{rel}","templated":true}]}}