{"id":13037,"date":"2021-08-20T16:48:39","date_gmt":"2021-08-20T16:48:39","guid":{"rendered":"https:\/\/www.iep.pt\/inspecao-das-instalacoes-eletricas-o-que-continua-em-falta\/"},"modified":"2021-09-09T16:25:04","modified_gmt":"2021-09-09T16:25:04","slug":"inspecao-das-instalacoes-eletricas-o-que-continua-em-falta","status":"publish","type":"post","link":"https:\/\/www.iep.pt\/es\/inspecao-das-instalacoes-eletricas-o-que-continua-em-falta\/","title":{"rendered":"Inspe\u00e7\u00e3o das instala\u00e7\u00f5es el\u00e9tricas \u2013 o que continua em falta"},"content":{"rendered":"\n<p>Em artigo publicado na revista \u201cO Instalador\u201d de Dezembro, escrevemos sobre \u201c<strong>Inspe\u00e7\u00e3o das&nbsp;<\/strong><strong>Instala\u00e7\u00f5es El\u00e9tricas: o que continua em falta<\/strong>\u201d. Perceba o que a nossa Diretora da Unidade de Inspe\u00e7\u00f5es, Eng\u00aa Maria Jos\u00e9 Ribeiro,&nbsp;tem a dizer sobre este assunto!<\/p>\n\n\n\n<p>Um longo caminho foi j\u00e1 percorrido desde o in\u00edcio deste ano, altura que entrou em vigor o decreto-lei 96\/2017, alterado \/complementado pela lei 61\/2018 de 21 de Agosto . Neste momento podemos dizer que a atividade executada pelo IEP, como entidade inspetora de instala\u00e7\u00f5es el\u00e9tricas, estabilizou e os mecanismos est\u00e3o agora completamente implementados.<\/p>\n\n\n\n<p>No entanto, julgamos que duas quest\u00f5es pertinentes continuam ainda por resolver:<\/p>\n\n\n\n<p>Por um lado, o decreto-lei 96\/2017 estabelece a obrigatoriedade e a periodicidade da realiza\u00e7\u00e3o de&nbsp;<strong>inspe\u00e7\u00f5es peri\u00f3dicas obrigat\u00f3rias<\/strong>&nbsp;a determinadas instala\u00e7\u00f5es mas n\u00e3o considera nesse grupo as instala\u00e7\u00f5es do tipo residencial. Ora, estas s\u00e3o precisamente as que, ao longo dos anos v\u00e3o sofrendo altera\u00e7\u00f5es para adapta\u00e7\u00e3o \u00e0s novas necessidades, altera\u00e7\u00f5es essas frequentemente executadas pelos pr\u00f3prios utilizadores, sem qualquer tipo de habilita\u00e7\u00e3o t\u00e9cnica para o efeito, podendo colocar a instala\u00e7\u00e3o em situa\u00e7\u00e3o de risco.<\/p>\n\n\n\n<p>N\u00e3o h\u00e1 d\u00favidas de que o avan\u00e7o da tecnologia e o maior poder de compra da popula\u00e7\u00e3o transformaram a forma de consumir energia. Por exemplo, uma casa dimensionada h\u00e1 cerca de 30 anos precisa hoje de sustentar muitos mais equipamentos do que na data da sua execu\u00e7\u00e3o. Mais, os materiais utilizados nas instala\u00e7\u00f5es el\u00e9tricas envelhecem com o tempo e, progressivamente, perdem vida \u00fatil, podendo originar falhas de funcionamento e outras situa\u00e7\u00f5es que afetam a seguran\u00e7a de pessoas e bens.<\/p>\n\n\n\n<p>Acresce que nas instala\u00e7\u00f5es el\u00e9tricas de uso particular, os utilizadores n\u00e3o s\u00e3o detentores de conhecimento t\u00e9cnico no que respeita ao funcionamento dos equipamentos e no que respeita aos perigos mais comuns causados por defici\u00eancias e mau estado de conserva\u00e7\u00e3o.<\/p>\n\n\n\n<p>A deficiente conce\u00e7\u00e3o das instala\u00e7\u00f5es, as sucessivas altera\u00e7\u00f5es e adapta\u00e7\u00f5es e o mau funcionamento dos equipamentos aliados a comportamentos inadequados no que respeita \u00e0 utiliza\u00e7\u00e3o de energia el\u00e9trica, potenciam a ocorr\u00eancia de situa\u00e7\u00f5es perigosas que podem p\u00f4r em risco a seguran\u00e7a das instala\u00e7\u00f5es e a vida dos seus utilizadores. Alertamos, por exemplo, para casos como as escolas ou lares, tantas vezes edif\u00edcios envelhecidos, com pouca ou nenhuma manuten\u00e7\u00e3o e com utilizadores mais vulner\u00e1veis!<\/p>\n\n\n\n<p>No entanto, o facto de n\u00e3o estar legalmente estabelecida a obrigatoriedade de realiza\u00e7\u00e3o de inspe\u00e7\u00f5es peri\u00f3dicas a todas as instala\u00e7\u00f5es, isso n\u00e3o significa que n\u00e3o possam, ou mesmo devam, ser inspecionadas! S\u00f3 o conhecimento do estado em que se encontram as instala\u00e7\u00f5es vai permitir tomar a\u00e7\u00f5es para colmatar as situa\u00e7\u00f5es de risco e adaptar essas instala\u00e7\u00f5es \u00e0s novas necessidades.<\/p>\n\n\n\n<p>Por outro lado, assistimos a um aumento da procura por&nbsp;<strong>forma\u00e7\u00e3o qualificada<\/strong>&nbsp;nesta \u00e1rea, uma vez que surgem novas mat\u00e9rias, como por exemplo e atualmente, as instala\u00e7\u00f5es para o carregamento de ve\u00edculos el\u00e9tricos, em que a oferta \u00e9 limitada e nem sempre ministrada por entidades com&nbsp;<em>know-how<\/em>&nbsp;ou pr\u00e1tica nesta \u00e1rea. Nesta mat\u00e9ria, a pr\u00e1tica \u00e9 essencial, j\u00e1 que \u00e9 ela que nos coloca perante os diversos problemas existentes numa rede el\u00e9trica sem qualquer planeamento para o carregamento de ve\u00edculos el\u00e9tricos.<\/p>\n\n\n\n<p>No IEP lidamos com esta realidade diariamente, o que nos permite abordar as quest\u00f5es pr\u00e1ticas com que mais frequentemente os t\u00e9cnicos se debatem no seu dia-a-dia.<\/p>\n\n\n\n<p>A nossa oferta formativa \u00e9 disponibilizada em hor\u00e1rios alargados e fins-de-semana permitindo ao t\u00e9cnico conciliar a forma\u00e7\u00e3o com o seu trabalho que, como sabemos, \u00e9 sempre para ontem!!<\/p>\n","protected":false},"excerpt":{"rendered":"<p>Em artigo publicado na revista \u201cO Instalador\u201d de Dezembro, escrevemos sobre \u201cInspe\u00e7\u00e3o das&nbsp;Instala\u00e7\u00f5es El\u00e9tricas: o que continua em falta\u201d. Perceba o que a nossa Diretora da Unidade de Inspe\u00e7\u00f5es, Eng\u00aa &hellip;<\/p>\n<p class=\"read-more\"> <a class=\"ast-button\" href=\"https:\/\/www.iep.pt\/es\/inspecao-das-instalacoes-eletricas-o-que-continua-em-falta\/\"> <span class=\"screen-reader-text\">Inspe\u00e7\u00e3o das instala\u00e7\u00f5es el\u00e9tricas \u2013 o que continua em falta<\/span> Descubra mais<\/a><\/p>\n","protected":false},"author":2,"featured_media":13871,"comment_status":"closed","ping_status":"open","sticky":false,"template":"","format":"standard","meta":{"spay_email":"","jetpack_publicize_message":"","jetpack_is_tweetstorm":false,"jetpack_publicize_feature_enabled":true},"categories":[],"tags":[],"acf":[],"jetpack_featured_media_url":"https:\/\/www.iep.pt\/wp-content\/uploads\/2021\/08\/electrician-1080586_1920.jpg","_links":{"self":[{"href":"https:\/\/www.iep.pt\/es\/wp-json\/wp\/v2\/posts\/13037"}],"collection":[{"href":"https:\/\/www.iep.pt\/es\/wp-json\/wp\/v2\/posts"}],"about":[{"href":"https:\/\/www.iep.pt\/es\/wp-json\/wp\/v2\/types\/post"}],"author":[{"embeddable":true,"href":"https:\/\/www.iep.pt\/es\/wp-json\/wp\/v2\/users\/2"}],"replies":[{"embeddable":true,"href":"https:\/\/www.iep.pt\/es\/wp-json\/wp\/v2\/comments?post=13037"}],"version-history":[{"count":0,"href":"https:\/\/www.iep.pt\/es\/wp-json\/wp\/v2\/posts\/13037\/revisions"}],"wp:featuredmedia":[{"embeddable":true,"href":"https:\/\/www.iep.pt\/es\/wp-json\/wp\/v2\/media\/13871"}],"wp:attachment":[{"href":"https:\/\/www.iep.pt\/es\/wp-json\/wp\/v2\/media?parent=13037"}],"wp:term":[{"taxonomy":"category","embeddable":true,"href":"https:\/\/www.iep.pt\/es\/wp-json\/wp\/v2\/categories?post=13037"},{"taxonomy":"post_tag","embeddable":true,"href":"https:\/\/www.iep.pt\/es\/wp-json\/wp\/v2\/tags?post=13037"}],"curies":[{"name":"wp","href":"https:\/\/api.w.org\/{rel}","templated":true}]}}