{"id":13127,"date":"2021-08-23T09:24:00","date_gmt":"2021-08-23T09:24:00","guid":{"rendered":"https:\/\/www.iep.pt\/o-iep-foi-a-entidade-escolhida-pela-altice-para-a-coordenacao-de-seguranca-em-obra-na-torre-de-telecomunicacoes-mais-artistica-do-pais\/"},"modified":"2021-08-23T09:24:07","modified_gmt":"2021-08-23T09:24:07","slug":"o-iep-foi-a-entidade-escolhida-pela-altice-para-a-coordenacao-de-seguranca-em-obra-na-torre-de-telecomunicacoes-mais-artistica-do-pais","status":"publish","type":"post","link":"https:\/\/www.iep.pt\/es\/o-iep-foi-a-entidade-escolhida-pela-altice-para-a-coordenacao-de-seguranca-em-obra-na-torre-de-telecomunicacoes-mais-artistica-do-pais\/","title":{"rendered":"O IEP foi a entidade escolhida pela Altice para a Coordena\u00e7\u00e3o de Seguran\u00e7a em obra na Torre de Telecomunica\u00e7\u00f5es mais art\u00edstica do pa\u00eds"},"content":{"rendered":"\n<p>A Altice Portugal\u00a0inaugura-a e o IEP foi a entidade escolhida para efetuar a presta\u00e7\u00e3o dos servi\u00e7os de coordena\u00e7\u00e3o de seguran\u00e7a em obra que acompanhou a constru\u00e7\u00e3o desta torre de telecomunica\u00e7\u00f5es em Melga\u00e7o.Parab\u00e9ns \u00e0 Altice <img loading=\"lazy\" width=\"16\" height=\"16\" src=\"https:\/\/static.xx.fbcdn.net\/images\/emoji.php\/v9\/tfe\/1\/16\/1f44f.png\" alt=\"&#x1F44F;\"\/><img loading=\"lazy\" width=\"16\" height=\"16\" src=\"https:\/\/static.xx.fbcdn.net\/images\/emoji.php\/v9\/tfe\/1\/16\/1f44f.png\" alt=\"&#x1F44F;\"\/><\/p>\n\n<figure class=\"wp-block-video\"><video controls=\"\" src=\"https:\/\/www.iep.pt\/wp-content\/uploads\/2020\/10\/9486101_USIb3.mp4\"><\/video><\/figure>\n\n<p><\/p>\n","protected":false},"excerpt":{"rendered":"<p>A Altice Portugal\u00a0inaugura-a e o IEP foi a entidade escolhida para efetuar a presta\u00e7\u00e3o dos servi\u00e7os de coordena\u00e7\u00e3o de seguran\u00e7a em obra que acompanhou a constru\u00e7\u00e3o desta torre de telecomunica\u00e7\u00f5es &hellip;<\/p>\n<p class=\"read-more\"> <a class=\"ast-button\" href=\"https:\/\/www.iep.pt\/es\/o-iep-foi-a-entidade-escolhida-pela-altice-para-a-coordenacao-de-seguranca-em-obra-na-torre-de-telecomunicacoes-mais-artistica-do-pais\/\"> <span class=\"screen-reader-text\">O IEP foi a entidade escolhida pela Altice para a Coordena\u00e7\u00e3o de Seguran\u00e7a em obra na Torre de Telecomunica\u00e7\u00f5es mais art\u00edstica do pa\u00eds<\/span> Descubra mais<\/a><\/p>\n","protected":false},"author":2,"featured_media":13128,"comment_status":"closed","ping_status":"open","sticky":false,"template":"","format":"standard","meta":{"spay_email":"","jetpack_publicize_message":"","jetpack_is_tweetstorm":false,"jetpack_publicize_feature_enabled":true},"categories":[],"tags":[],"acf":[],"jetpack_featured_media_url":"https:\/\/www.iep.pt\/wp-content\/uploads\/2020\/10\/Torre-Telecomunicacoes.png","_links":{"self":[{"href":"https:\/\/www.iep.pt\/es\/wp-json\/wp\/v2\/posts\/13127"}],"collection":[{"href":"https:\/\/www.iep.pt\/es\/wp-json\/wp\/v2\/posts"}],"about":[{"href":"https:\/\/www.iep.pt\/es\/wp-json\/wp\/v2\/types\/post"}],"author":[{"embeddable":true,"href":"https:\/\/www.iep.pt\/es\/wp-json\/wp\/v2\/users\/2"}],"replies":[{"embeddable":true,"href":"https:\/\/www.iep.pt\/es\/wp-json\/wp\/v2\/comments?post=13127"}],"version-history":[{"count":0,"href":"https:\/\/www.iep.pt\/es\/wp-json\/wp\/v2\/posts\/13127\/revisions"}],"wp:featuredmedia":[{"embeddable":true,"href":"https:\/\/www.iep.pt\/es\/wp-json\/wp\/v2\/media\/13128"}],"wp:attachment":[{"href":"https:\/\/www.iep.pt\/es\/wp-json\/wp\/v2\/media?parent=13127"}],"wp:term":[{"taxonomy":"category","embeddable":true,"href":"https:\/\/www.iep.pt\/es\/wp-json\/wp\/v2\/categories?post=13127"},{"taxonomy":"post_tag","embeddable":true,"href":"https:\/\/www.iep.pt\/es\/wp-json\/wp\/v2\/tags?post=13127"}],"curies":[{"name":"wp","href":"https:\/\/api.w.org\/{rel}","templated":true}]}}