{"id":13221,"date":"2021-08-23T09:35:33","date_gmt":"2021-08-23T09:35:33","guid":{"rendered":"https:\/\/www.iep.pt\/no-caminho-da-descarbonizacao\/"},"modified":"2021-10-27T16:01:43","modified_gmt":"2021-10-27T16:01:43","slug":"no-caminho-da-descarbonizacao","status":"publish","type":"post","link":"https:\/\/www.iep.pt\/es\/no-caminho-da-descarbonizacao\/","title":{"rendered":"No caminho da descarboniza\u00e7\u00e3o"},"content":{"rendered":"\r\n<p>Por Vasco Nogueira, Head of Department Energy, Efficiency and Renewable IEP<\/p>\r\n\r\n\r\n\r\n<p>Todos temos assistido a fen\u00f3menos naturais adversos, que est\u00e3o relacionados com o aumento das emiss\u00f5es de gases com efeito de estufa, que tem impacto nas temperaturas globais do planeta. Ainda recentemente foi anunciado que a m\u00e9dia de temperaturas registadas na Europa no m\u00eas de Julho, foi a mais alta desde que h\u00e1 registos meteorol\u00f3gicos neste continente. Segundo a comunidade cient\u00edfica, estes recordes continuar\u00e3o a ser batidos no futuro, exigindo de n\u00f3s, um esfo\u00e7o na redu\u00e7\u00e3o das emiss\u00f5es de gases com efeitos de estufa para a atmosfera.<br \/>Nessa orienta\u00e7\u00e3o de racioc\u00ednio, a incorpora\u00e7\u00e3o de medidas que promovam a Efici\u00eancia Energ\u00e9tica nos processos, e a progressiva implementa\u00e7\u00e3o de Fontes de Energia Renov\u00e1vel constitui por si s\u00f3 uma contribui\u00e7\u00e3o decisiva para este objetivo.<br \/>Face a esta problem\u00e1tica, o sector fotovoltaico tem assumido um papel preponderante no desenvolvimento das tecnologias, o que faz com que seja cada vez mais aliciante a constru\u00e7\u00e3o em grande escala desse tipo de centrais, com capacidade de fornecimento de energia \u00e0 rede em regime de mercado (sem subsidia\u00e7\u00e3o de tarifas). Por este mesmo motivo, deve-se ter em considera\u00e7\u00e3o que a otimiza\u00e7\u00e3o do desempenho dessas infraestruturas \u00e9 absolutamente cr\u00edtica.<br \/>Veja-se recentemente o caso de Portugal, com a coloca\u00e7\u00e3o em Leil\u00e3o de cerca de 1.400MW de pot\u00eancia dispon\u00edvel para constru\u00e7\u00e3o de grandes parques fotovoltaicos, em que a m\u00e9dia de pre\u00e7o para a venda de energia gerada por estes parques, atingiu um patamar m\u00ednimo mundial que ronda os 20\u20ac\/MWh. Com estes valores, existir\u00e1 uma grande press\u00e3o em todos aqueles que comp\u00f5em a cadeia de valor associado a esta \u00e1rea, fazendo assim todo o sentido, avaliar de forma peri\u00f3dica, recorrendo a entidades externas, o desempenho de todos os componentes que fazem parte dos activos do parque fotovoltaico. S\u00f3 assim, se garantir\u00e1 o desempenho do parque fotovoltaico no m\u00e1ximo expect\u00e1vel, e deste modo a rentabilidade prevista.<br \/>Os ensaios a realizar, de forma sistematizada, avaliar\u00e3o o desempenho dos m\u00f3dulos fotovoltaicos recorrendo ao flash-test (em condi\u00e7\u00f5es STD) e aos ensaios de eletroluminesc\u00eancia. Este grupo de ensaios permite medir a evolu\u00e7\u00e3o do desempenho\/efici\u00eancia dos m\u00f3dulos fotovoltaicos, bem como tamb\u00e9m permite indagar sobre as poss\u00edveis causas da eventual degrada\u00e7\u00e3o inusitada.<\/p>\r\n\r\n\r\n\r\n<div class=\"wp-block-image\">\r\n<figure class=\"aligncenter\"><img loading=\"lazy\" class=\"size-full wp-image-15382 alignleft\" src=\"https:\/\/www.iep.pt\/wp-content\/uploads\/2019\/12\/Descarbonizacao.png\" alt=\"\" width=\"288\" height=\"180\" \/><img class=\"wp-image-8460\" src=\"https:\/\/www.iep.pt\/wp-content\/uploads\/2019\/12\/Artigo1.jpg\" alt=\"\" \/><\/figure>\r\n<\/div>\r\n\r\n\r\n\r\n<p>&nbsp;<\/p>\r\n<p>&nbsp;<\/p>\r\n<p>&nbsp;<\/p>\r\n<p>&nbsp;<\/p>\r\n<p>Obviamente que existem tamb\u00e9m outros elementos cr\u00edticos habitualmente designados por \u201cBoS\u201d (Balance-of-System), nomeadamente estruturas de suporte e seguimento, cablagens, elementos de prote\u00e7\u00e3o el\u00e9trica (string boxes), inversores, ou at\u00e9 mesmo as condi\u00e7\u00f5es de inje\u00e7\u00e3o da energia na rede el\u00e9trica, sem a qualidade das quais o desempenho global do sistema ficar\u00e1 seriamente comprometido. Esta entidade externa, poder\u00e1 desenvolver desde inspe\u00e7\u00f5es termogr\u00e1ficas aos m\u00f3dulos fotovoltaicos, bem como aos BoS, passando por inspe\u00e7\u00f5es de seguran\u00e7a el\u00e9trica, medi\u00e7\u00e3o de Efici\u00eancia de Inversores e curvas I-V. Deste modo, atrav\u00e9s do relat\u00f3rio emitido, a equipa de constru\u00e7\u00e3o\/manuten\u00e7\u00e3o pode ser mais incisiva nos pontos-chave a intervir, conseguindo maximizar toda a potencialidade da instala\u00e7\u00e3o fotovoltaica.<\/p>\r\n\r\n\r\n\r\n<figure class=\"wp-block-table\"><\/figure>\r\n\r\n\r\n\r\n<p>Esta inspe\u00e7\u00e3o, permite que a equipa de manuten\u00e7\u00e3o se foque no essencial, avaliando a prioridade das corre\u00e7\u00f5es, consoante o grau de severidade dos defeitos encontrados. Desta forma, uma entidade de terceira parte, independente, coopera com promotores e equipas de manuten\u00e7\u00e3o, de modo a retirar o m\u00e1ximo proveito poss\u00edvel de cada parque solar, maximizando a produ\u00e7\u00e3o, aumentando a sua vida \u00fatil e, consequentemente, aumentando o retorno financeiro do investimento.<\/p>\r\n\r\n\r\n\r\n<div class=\"wp-block-image\">\r\n<figure class=\"aligncenter\"><img class=\"wp-image-8463\" src=\"https:\/\/www.iep.pt\/wp-content\/uploads\/2019\/12\/Artigo4.jpg\" alt=\"\" \/><\/figure>\r\n<\/div>\r\n\r\n\r\n\r\n<p>Assim, conseguiremos criar um tri\u00e2ngulo de responsabilidades, entre investidores, empresas de O&amp;M e entidades inspectoras, que trabalhar\u00e3o em conjunto para manter a performance do parque em n\u00edveis de excel\u00eancia, contribu\u00eddo deste modo, para uma produ\u00e7\u00e3o de energia renov\u00e1vel mais eficiente e optimizada, caminhando de m\u00e3os dadas para a descarboniza\u00e7\u00e3o da economia e de um planeta mais sustent\u00e1vel.<\/p>\r\n","protected":false},"excerpt":{"rendered":"<p>Por Vasco Nogueira, Head of Department Energy, Efficiency and Renewable IEP Todos temos assistido a fen\u00f3menos naturais adversos, que est\u00e3o relacionados com o aumento das emiss\u00f5es de gases com efeito &hellip;<\/p>\n<p class=\"read-more\"> <a class=\"ast-button\" href=\"https:\/\/www.iep.pt\/es\/no-caminho-da-descarbonizacao\/\"> <span class=\"screen-reader-text\">No caminho da descarboniza\u00e7\u00e3o<\/span> Descubra mais<\/a><\/p>\n","protected":false},"author":2,"featured_media":13751,"comment_status":"closed","ping_status":"open","sticky":false,"template":"","format":"standard","meta":{"spay_email":"","jetpack_publicize_message":"","jetpack_is_tweetstorm":false,"jetpack_publicize_feature_enabled":true},"categories":[],"tags":[],"acf":[],"jetpack_featured_media_url":"https:\/\/www.iep.pt\/wp-content\/uploads\/2021\/08\/Copia-de-Copia-de-Copia-de-Copia-de-Adicionar-um-subtitulo-5.png","_links":{"self":[{"href":"https:\/\/www.iep.pt\/es\/wp-json\/wp\/v2\/posts\/13221"}],"collection":[{"href":"https:\/\/www.iep.pt\/es\/wp-json\/wp\/v2\/posts"}],"about":[{"href":"https:\/\/www.iep.pt\/es\/wp-json\/wp\/v2\/types\/post"}],"author":[{"embeddable":true,"href":"https:\/\/www.iep.pt\/es\/wp-json\/wp\/v2\/users\/2"}],"replies":[{"embeddable":true,"href":"https:\/\/www.iep.pt\/es\/wp-json\/wp\/v2\/comments?post=13221"}],"version-history":[{"count":0,"href":"https:\/\/www.iep.pt\/es\/wp-json\/wp\/v2\/posts\/13221\/revisions"}],"wp:featuredmedia":[{"embeddable":true,"href":"https:\/\/www.iep.pt\/es\/wp-json\/wp\/v2\/media\/13751"}],"wp:attachment":[{"href":"https:\/\/www.iep.pt\/es\/wp-json\/wp\/v2\/media?parent=13221"}],"wp:term":[{"taxonomy":"category","embeddable":true,"href":"https:\/\/www.iep.pt\/es\/wp-json\/wp\/v2\/categories?post=13221"},{"taxonomy":"post_tag","embeddable":true,"href":"https:\/\/www.iep.pt\/es\/wp-json\/wp\/v2\/tags?post=13221"}],"curies":[{"name":"wp","href":"https:\/\/api.w.org\/{rel}","templated":true}]}}