{"id":13231,"date":"2021-08-23T09:38:35","date_gmt":"2021-08-23T09:38:35","guid":{"rendered":"https:\/\/www.iep.pt\/gases-fluorados\/"},"modified":"2021-09-09T16:02:50","modified_gmt":"2021-09-09T16:02:50","slug":"gases-fluorados","status":"publish","type":"post","link":"https:\/\/www.iep.pt\/es\/gases-fluorados\/","title":{"rendered":"Gases Fluorados"},"content":{"rendered":"\n<p>Por Elisabete Dias,&nbsp;respons\u00e1vel pela Qualidade, Ambiente e Seguran\u00e7a do IEP<\/p>\n\n\n\n<p>Os gases fluorados, grupo de subst\u00e2ncias qu\u00edmicas que cont\u00eam fl\u00faor, s\u00e3o utilizados em v\u00e1rios sectores de actividade nomeadamente em:<\/p>\n\n\n\n<ul><li>equipamentos de refrigera\u00e7\u00e3o fixos, equipamentos de ar condicionado fixos, bombas de calor fixas e unidades de refrigera\u00e7\u00e3o de cami\u00f5es e reboques refrigerados;<\/li><li>extintores e sistemas fixos de protec\u00e7\u00e3o contra inc\u00eandios;<\/li><li>comutadores el\u00e9tricos;<\/li><li>equipamentos que cont\u00eam solventes \u00e0 base de gases fluorados;<\/li><li>sistemas de ar condicionado instalados em ve\u00edculos a motor.<\/li><\/ul>\n\n\n\n<p>Os gases fluorados n\u00e3o danificam a camada de ozono estratosf\u00e9rica no entanto, dado possu\u00edrem elevado potencial de aquecimento global (PAG), contribuem para o efeito de estufa. De entre estes, destacam-se os hidrofluorcarbonetos (HFC), os perfluorcarbonetos (PFC) e o hexafluoreto de enxofre (SF6), cujo PAG \u00e9 muito superior ao do di\u00f3xido de carbono (CO<sub>2<\/sub>).<\/p>\n\n\n\n<p>A Comunidade Europeia assumiu, com o Protocolo de Quioto (1997), o compromisso de reduzir as emiss\u00f5es de gases com efeito de estuda&nbsp; (GEE), tendo desde ent\u00e3o vindo a legislar nesse sentido por meio da publica\u00e7\u00e3o do Regulamento (CE) n.\u00ba 842\/2006, do Parlamento Europeu e do Conselho, de 17 de Maio, posteriormente revogado pelo&nbsp;<a href=\"http:\/\/eur-lex.europa.eu\/legal-content\/PT\/TXT\/?qid=1401709010674&amp;uri=CELEX:32014R0517\">Regulamento (UE) n.\u00ba 517\/2014<\/a>, do Parlamento Europeu e do Conselho, de 16 de Abril e dos respetivos regulamentos de desenvolvimento.<\/p>\n\n\n\n<p>O&nbsp;<a href=\"https:\/\/dre.pt\/application\/file\/a\/114290205\">Decreto-Lei n.\u00ba 145\/2017<\/a>, de 30 de Novembro transp\u00f5e para a ordem jur\u00eddica nacional o Regulamento (UE) n.\u00ba 517\/2014 , assegurando n\u00e3o s\u00f3 a sua execu\u00e7\u00e3o mas tamb\u00e9m dos seus regulamentos de desenvolvimento.&nbsp; O mesmo:<\/p>\n\n\n\n<ul><li>estabelece regras em mat\u00e9ria de confinamento, utiliza\u00e7\u00e3o, recupera\u00e7\u00e3o e destrui\u00e7\u00e3o de gases fluorados com efeito de estufa e em mat\u00e9ria de medidas auxiliares conexas;<\/li><li>imp\u00f5e condi\u00e7\u00f5es \u00e0 coloca\u00e7\u00e3o no mercado de produtos e equipamentos espec\u00edficos que contenham, ou cujo funcionamento dependa de, gases fluorados com efeito de estufa;<\/li><li>imp\u00f5e condi\u00e7\u00f5es \u00e0s utiliza\u00e7\u00f5es espec\u00edficas de gases fluorados com efeito de estufa;<\/li><li>estabelece limites quantitativos \u00e0 coloca\u00e7\u00e3o de hidrofluorocarbonetos (HFC) no mercado;<\/li><\/ul>\n\n\n\n<p>impondo um conjunto de obriga\u00e7\u00f5es para operadores&nbsp; dos equipamentos (respons\u00e1veis pela conformidade legal dos equipamentos) e tornando obrigat\u00f3ria, consoante o setor de actividade a avalia\u00e7\u00e3o e certifica\u00e7\u00e3o do pessoal e das empresas ou a atesta\u00e7\u00e3o de t\u00e9cnicos respons\u00e1veis por atividades que envolvam interven\u00e7\u00f5es na instala\u00e7\u00e3o, repara\u00e7\u00e3o, manuten\u00e7\u00e3o ou assist\u00eancia t\u00e9cnica e desmantelamento dos equipamentos ou dos sistemas que contenham gases fluorados com efeito de estufa,<\/p>\n\n\n\n<p>Os operadores ficam obrigados, nos termos previstos no&nbsp;<a href=\"https:\/\/dre.pt\/application\/file\/a\/114290205\">Decreto-Lei n.\u00ba 145\/2017<\/a>, &nbsp;a:<\/p>\n\n\n\n<ul><li>Evitar fugas de gases;<\/li><li>Verificar periodicamente equipamento com vista \u00e0 detec\u00e7\u00e3o de fugas;<\/li><li>Reparar, logo que poss\u00edvel, os equipamentos com fugas;<\/li><li>Verificar o equipamento ap\u00f3s repara\u00e7\u00e3o de uma fuga;<\/li><li>Providenciar que os equipamentos disponham de um sistema de detec\u00e7\u00e3o de fugas e efectuar a inspec\u00e7\u00e3o do mesmo;<\/li><li>Efectuar a recupera\u00e7\u00e3o dos gases para reciclagem, regenera\u00e7\u00e3o ou destrui\u00e7\u00e3o;<\/li><li>Assegurar, no caso dos equipamentos em fim de vida, a recupera\u00e7\u00e3o e eventual reciclagem no local de quaisquer gases residuais que os equipamentos integrem e, se necess\u00e1rio, o encaminhamento dos referidos gases para reciclagem, regenera\u00e7\u00e3o ou destrui\u00e7\u00e3o<\/li><li>Recorrer a pessoas qualificadas para as interven\u00e7\u00f5es;<\/li><li>Manter registos;<\/li><li>Comunicar \u00e0 APA, at\u00e9 31 de Mar\u00e7o de cada ano, os dados relativos ao ano anterior.<\/li><\/ul>\n\n\n\n<p>Os organismos de avalia\u00e7\u00e3o e certifica\u00e7\u00e3o, acreditados ou designados por cada sector de atividade, definem e aplicam procedimentos de emiss\u00e3o, suspens\u00e3o e retirada de certificados.<\/p>\n\n\n\n<p>Os certificados de t\u00e9cnico qualificado e de empresa bem como os &nbsp;atestados de forma\u00e7\u00e3o t\u00eam a validade de sete anos, renov\u00e1vel por iguais per\u00edodos.<\/p>\n\n\n\n<p>O Instituto Electrot\u00e9cnico Portugu\u00eas (IEP) \u00e9 a \u00fanica entidade reconhecido pela Ag\u00eancia Portuguesa do Ambiente (APA) enquanto Organismo de Avalia\u00e7\u00e3o e Certifica\u00e7\u00e3o de Pessoas Singulares que procedam a interven\u00e7\u00f5es em comutadores el\u00e9ctricos que contenham gases com efeito de estufa (SF<sub>6<\/sub>).<\/p>\n\n\n\n<p>O processo de certifica\u00e7\u00e3o \u00e9 aberto a todas as pessoas que satisfa\u00e7am os requisitos m\u00ednimos previstos na legisla\u00e7\u00e3o e envolve tr\u00eas fases:<\/p>\n\n\n\n<ul><li><strong>Concess\u00e3o da Certifica\u00e7\u00e3o<\/strong><\/li><\/ul>\n\n\n\n<p>O candidato \u00e0 certifica\u00e7\u00e3o dever\u00e1 apresentar ao IEP a respectiva candidatura e evidenciar possuir a escolaridade obrigat\u00f3ria legalmente exig\u00edvel.<\/p>\n\n\n\n<p>Com vista a demonstrar a&nbsp; compet\u00eancia t\u00e9cnica dever\u00e1 obter a aprova\u00e7\u00e3o em exame (te\u00f3rico e pr\u00e1tico), efectuado nos termos do n\u00ba 2 do artigo 5\u00ba do Regulamento de Execu\u00e7\u00e3o (UE) n\u00ba2015\/2066 de 17 de Novembro de 2015, sendo emitido pelo IEP um certificado que&nbsp; atesta que o candidato completou com sucesso o exame de certifica\u00e7\u00e3o, pelo que evidenciou o cumprimento dos requisitos de qualifica\u00e7\u00e3o.<\/p>\n\n\n\n<ul><li><strong>Acompanhamento da Certifica\u00e7\u00e3o<\/strong><\/li><\/ul>\n\n\n\n<p>Ap\u00f3s quatro anos da obten\u00e7\u00e3o da certifica\u00e7\u00e3o, o T\u00e9cnico Certificado ser\u00e1 sujeito a um acompanhamento por parte do IEP para avalia\u00e7\u00e3o da manuten\u00e7\u00e3o da compet\u00eancia t\u00e9cnica, devendo demonstrar que exerceu actividade abrangida pela certifica\u00e7\u00e3o, relevante e continuada desde a data de emiss\u00e3o do certificado at\u00e9 \u00e0 data do acompanhamento.<\/p>\n\n\n\n<ul><li><strong>Renova\u00e7\u00e3o da Certifica\u00e7\u00e3o<\/strong><\/li><\/ul>\n\n\n\n<p>A cada sete anos ap\u00f3s a data da certifica\u00e7\u00e3o, o t\u00e9cnico certificado dever\u00e1 solicitar ao IEP a renova\u00e7\u00e3o da certifica\u00e7\u00e3o, devendo demonstrar n\u00e3o s\u00f3 que exerceu actividade abrangida pela certifica\u00e7\u00e3o, relevante e continuada mas tamb\u00e9m, &nbsp;atrav\u00e9s da realiza\u00e7\u00e3o com sucesso de um exame, a actualiza\u00e7\u00e3o dos conhecimentos t\u00e9cnicos.<\/p>\n\n\n\n<p>A divulga\u00e7\u00e3o dos t\u00e9cnicos certificados \u00e9 assegurada pelo IEP. A lista de t\u00e9cnicos certificados pode ser consultada no&nbsp;<a href=\"https:\/\/formacao.iep.pt\/certificacao-de-pessoas\">s\u00edtio da Internet do IEP<\/a>&nbsp;bem como da APA.<\/p>\n","protected":false},"excerpt":{"rendered":"<p>Por Elisabete Dias,&nbsp;respons\u00e1vel pela Qualidade, Ambiente e Seguran\u00e7a do IEP Os gases fluorados, grupo de subst\u00e2ncias qu\u00edmicas que cont\u00eam fl\u00faor, s\u00e3o utilizados em v\u00e1rios sectores de actividade nomeadamente em: equipamentos &hellip;<\/p>\n<p class=\"read-more\"> <a class=\"ast-button\" href=\"https:\/\/www.iep.pt\/es\/gases-fluorados\/\"> <span class=\"screen-reader-text\">Gases Fluorados<\/span> Descubra mais<\/a><\/p>\n","protected":false},"author":2,"featured_media":13737,"comment_status":"closed","ping_status":"open","sticky":false,"template":"","format":"standard","meta":{"spay_email":"","jetpack_publicize_message":"","jetpack_is_tweetstorm":false,"jetpack_publicize_feature_enabled":true},"categories":[],"tags":[],"acf":[],"jetpack_featured_media_url":"https:\/\/www.iep.pt\/wp-content\/uploads\/2021\/08\/Copia-de-Copia-de-Adicionar-um-subtitulo-7.png","_links":{"self":[{"href":"https:\/\/www.iep.pt\/es\/wp-json\/wp\/v2\/posts\/13231"}],"collection":[{"href":"https:\/\/www.iep.pt\/es\/wp-json\/wp\/v2\/posts"}],"about":[{"href":"https:\/\/www.iep.pt\/es\/wp-json\/wp\/v2\/types\/post"}],"author":[{"embeddable":true,"href":"https:\/\/www.iep.pt\/es\/wp-json\/wp\/v2\/users\/2"}],"replies":[{"embeddable":true,"href":"https:\/\/www.iep.pt\/es\/wp-json\/wp\/v2\/comments?post=13231"}],"version-history":[{"count":0,"href":"https:\/\/www.iep.pt\/es\/wp-json\/wp\/v2\/posts\/13231\/revisions"}],"wp:featuredmedia":[{"embeddable":true,"href":"https:\/\/www.iep.pt\/es\/wp-json\/wp\/v2\/media\/13737"}],"wp:attachment":[{"href":"https:\/\/www.iep.pt\/es\/wp-json\/wp\/v2\/media?parent=13231"}],"wp:term":[{"taxonomy":"category","embeddable":true,"href":"https:\/\/www.iep.pt\/es\/wp-json\/wp\/v2\/categories?post=13231"},{"taxonomy":"post_tag","embeddable":true,"href":"https:\/\/www.iep.pt\/es\/wp-json\/wp\/v2\/tags?post=13231"}],"curies":[{"name":"wp","href":"https:\/\/api.w.org\/{rel}","templated":true}]}}