{"id":13260,"date":"2021-08-23T09:42:54","date_gmt":"2021-08-23T09:42:54","guid":{"rendered":"https:\/\/www.iep.pt\/instalacoes-eletricas-para-a-alimentacao-do-carregamento-de-veiculos-eletricos\/"},"modified":"2021-10-26T15:17:43","modified_gmt":"2021-10-26T15:17:43","slug":"instalacoes-eletricas-para-a-alimentacao-do-carregamento-de-veiculos-eletricos","status":"publish","type":"post","link":"https:\/\/www.iep.pt\/es\/instalacoes-eletricas-para-a-alimentacao-do-carregamento-de-veiculos-eletricos\/","title":{"rendered":"Instala\u00e7\u00f5es El\u00e9tricas para a Alimenta\u00e7\u00e3o do Carregamento de Ve\u00edculos El\u00e9tricos"},"content":{"rendered":"\r\n<p>Em artigo publicado na revista \u201cO eletricista\u201d, falamos sobre a quest\u00e3o das instala\u00e7\u00f5es el\u00e9tricas para a alimenta\u00e7\u00e3o do carregamento de ve\u00edculos el\u00e9tricos.<\/p>\r\n\r\n\r\n\r\n<p>A procura de alternativas aos combust\u00edveis fosseis por quest\u00f5es ambientais e de escassez levaram a uma forte aposta na inova\u00e7\u00e3o e desenvolvimento na mobilidade el\u00e9trica, assim, os custos de produ\u00e7\u00e3o dos ve\u00edculos el\u00e9tricos t\u00eam diminu\u00eddo progressivamente estimando-se que ser\u00e3o mais baixos do que qualquer carro de combust\u00e3o num futuro pr\u00f3ximo (menos de 10 anos), conforme gr\u00e1fico abaixo.<\/p>\r\n\r\n\r\n\r\n<figure class=\"wp-block-gallery aligncenter columns-1 is-cropped\">\r\n<ul class=\"blocks-gallery-grid\">\r\n<li class=\"blocks-gallery-item\">\r\n<figure><img loading=\"lazy\" class=\"wp-image-14419 alignleft\" src=\"https:\/\/www.iep.pt\/wp-content\/uploads\/2018\/10\/grafico-1.jpg\" alt=\"Gr\u00e1fico\" width=\"457\" height=\"289\" data-id=\"14419\" data-full-url=\"https:\/\/www.iep.pt\/wp-content\/uploads\/2018\/10\/grafico-1.jpg\" data-link=\"https:\/\/www.iep.pt\/es\/grafico-1-2\/\" srcset=\"https:\/\/www.iep.pt\/wp-content\/uploads\/2018\/10\/grafico-1.jpg 332w, https:\/\/www.iep.pt\/wp-content\/uploads\/2018\/10\/grafico-1-300x190.jpg 300w\" sizes=\"(max-width: 457px) 100vw, 457px\" \/><\/figure>\r\n<\/li>\r\n<\/ul>\r\n<\/figure>\r\n\r\n\r\n\r\n<p>&nbsp;<\/p>\r\n<p>&nbsp;<\/p>\r\n<p>&nbsp;<\/p>\r\n<p>&nbsp;<\/p>\r\n<p>&nbsp;<\/p>\r\n<p>&nbsp;<\/p>\r\n<p>Fonte:\u00a0<a href=\"https:\/\/ilsr.org\/report-electric-vehicles\/\">https:\/\/ilsr.org\/report-electric-vehicles\/<\/a><\/p>\r\n\r\n\r\n\r\n<p>Consequentemente, e como seria de esperar, no sentido inverso o n\u00famero de carros el\u00e9tricos vendidos tem aumentado consecutivamente.<\/p>\r\n\r\n\r\n\r\n<figure class=\"wp-block-gallery aligncenter columns-1 is-cropped\">\r\n<ul class=\"blocks-gallery-grid\">\r\n<li class=\"blocks-gallery-item\">\r\n<figure><img loading=\"lazy\" class=\"wp-image-14418 alignleft\" src=\"https:\/\/www.iep.pt\/wp-content\/uploads\/2018\/10\/grafico.jpg\" alt=\"Gr\u00e1fico\" width=\"527\" height=\"297\" data-id=\"14418\" data-full-url=\"https:\/\/www.iep.pt\/wp-content\/uploads\/2018\/10\/grafico.jpg\" data-link=\"https:\/\/www.iep.pt\/es\/grafico-2\/\" srcset=\"https:\/\/www.iep.pt\/wp-content\/uploads\/2018\/10\/grafico.jpg 332w, https:\/\/www.iep.pt\/wp-content\/uploads\/2018\/10\/grafico-300x168.jpg 300w\" sizes=\"(max-width: 527px) 100vw, 527px\" \/><\/figure>\r\n<\/li>\r\n<\/ul>\r\n<\/figure>\r\n\r\n\r\n\r\n<p>&nbsp;<\/p>\r\n<p>&nbsp;<\/p>\r\n<p>&nbsp;<\/p>\r\n<p>&nbsp;<\/p>\r\n<p>&nbsp;<\/p>\r\n<p>&nbsp;<\/p>\r\n<p>Fonte:\u00a0<a href=\"https:\/\/insideevs.com\/news\/337996\/global-plug-in-electric-car-sales-hit-140000-in-march-tesla-1\/\">https:\/\/insideevs.com\/global-plug-in-electric-car-sales-increased-to-over-140000-in-march\/<\/a><\/p>\r\n\r\n\r\n\r\n<p>A acompanhar esta evolu\u00e7\u00e3o as instala\u00e7\u00f5es el\u00e9tricas para a alimenta\u00e7\u00e3o de ve\u00edculos el\u00e9tricos em corrente alternada, s\u00e3o hoje alvo de enquadramento espec\u00edfico nomeadamente no quadro da Diretiva 2014\/94\/UE do Parlamento Europeu e do Conselho, de 22 de outubro de 2014, relativa \u00e0 cria\u00e7\u00e3o de uma infraestrutura para combust\u00edveis alternativos.<\/p>\r\n\r\n\r\n\r\n<p>Dada a cont\u00ednua evolu\u00e7\u00e3o t\u00e9cnica dos documentos de normaliza\u00e7\u00e3o internacional que estiveram na base das RTIEBT, torna-se imprescind\u00edvel proceder a uma atualiza\u00e7\u00e3o sustentada da informa\u00e7\u00e3o, permitindo, nomeadamente, a inclus\u00e3o de disposi\u00e7\u00f5es de seguran\u00e7a para instala\u00e7\u00f5es especiais, que n\u00e3o estavam cobertas pelas regras t\u00e9cnicas anteriormente aprovadas.<\/p>\r\n\r\n\r\n\r\n<p>Na atividade di\u00e1ria do IEP detetamos que continuam a existir algumas d\u00favidas e lacunas nos conhecimentos t\u00e9cnicos na execu\u00e7\u00e3o das instala\u00e7\u00f5es el\u00e9tricas para a alimenta\u00e7\u00e3o do carregamento de ve\u00edculos el\u00e9tricos.<\/p>\r\n\r\n\r\n\r\n<p>Procurando ir ao encontro das necessidades detetadas, o IEP promove uma a\u00e7\u00e3o de forma\u00e7\u00e3o \u201c<a href=\"https:\/\/formacao.iep.pt\/cursos\/eletricidade-e-energia\/instalacoes-eletricas-carregamento-de-veiculos-eletricos\"><strong>Instala\u00e7\u00f5es El\u00e9tricas \u2013 Carregamento de Ve\u00edculos El\u00e9tricos<\/strong><\/a>\u201d onde consolidamos conhecimentos sobre as regras t\u00e9cnicas das instala\u00e7\u00f5es el\u00e9tricas de alimenta\u00e7\u00e3o para carregamento de ve\u00edculos el\u00e9tricos, identificamos as regras t\u00e9cnicas para execu\u00e7\u00e3o de carregamento de ve\u00edculos el\u00e9tricos aplicando a legisla\u00e7\u00e3o em vigor.<\/p>\r\n","protected":false},"excerpt":{"rendered":"<p>Em artigo publicado na revista \u201cO eletricista\u201d, falamos sobre a quest\u00e3o das instala\u00e7\u00f5es el\u00e9tricas para a alimenta\u00e7\u00e3o do carregamento de ve\u00edculos el\u00e9tricos. A procura de alternativas aos combust\u00edveis fosseis por &hellip;<\/p>\n<p class=\"read-more\"> <a class=\"ast-button\" href=\"https:\/\/www.iep.pt\/es\/instalacoes-eletricas-para-a-alimentacao-do-carregamento-de-veiculos-eletricos\/\"> <span class=\"screen-reader-text\">Instala\u00e7\u00f5es El\u00e9tricas para a Alimenta\u00e7\u00e3o do Carregamento de Ve\u00edculos El\u00e9tricos<\/span> Descubra mais<\/a><\/p>\n","protected":false},"author":2,"featured_media":13702,"comment_status":"closed","ping_status":"open","sticky":false,"template":"","format":"standard","meta":{"spay_email":"","jetpack_publicize_message":"","jetpack_is_tweetstorm":false,"jetpack_publicize_feature_enabled":true},"categories":[292],"tags":[],"acf":[],"jetpack_featured_media_url":"https:\/\/www.iep.pt\/wp-content\/uploads\/2021\/08\/A-problematica-do-isolamento-equivalente-a-classe-II-de-isolamento-em-quadros-de-colunas_quadros-de-centralizacao-de-contagem-4.png","_links":{"self":[{"href":"https:\/\/www.iep.pt\/es\/wp-json\/wp\/v2\/posts\/13260"}],"collection":[{"href":"https:\/\/www.iep.pt\/es\/wp-json\/wp\/v2\/posts"}],"about":[{"href":"https:\/\/www.iep.pt\/es\/wp-json\/wp\/v2\/types\/post"}],"author":[{"embeddable":true,"href":"https:\/\/www.iep.pt\/es\/wp-json\/wp\/v2\/users\/2"}],"replies":[{"embeddable":true,"href":"https:\/\/www.iep.pt\/es\/wp-json\/wp\/v2\/comments?post=13260"}],"version-history":[{"count":0,"href":"https:\/\/www.iep.pt\/es\/wp-json\/wp\/v2\/posts\/13260\/revisions"}],"wp:featuredmedia":[{"embeddable":true,"href":"https:\/\/www.iep.pt\/es\/wp-json\/wp\/v2\/media\/13702"}],"wp:attachment":[{"href":"https:\/\/www.iep.pt\/es\/wp-json\/wp\/v2\/media?parent=13260"}],"wp:term":[{"taxonomy":"category","embeddable":true,"href":"https:\/\/www.iep.pt\/es\/wp-json\/wp\/v2\/categories?post=13260"},{"taxonomy":"post_tag","embeddable":true,"href":"https:\/\/www.iep.pt\/es\/wp-json\/wp\/v2\/tags?post=13260"}],"curies":[{"name":"wp","href":"https:\/\/api.w.org\/{rel}","templated":true}]}}