{"id":13263,"date":"2021-08-23T09:43:20","date_gmt":"2021-08-23T09:43:20","guid":{"rendered":"https:\/\/www.iep.pt\/reinventar-o-setor-da-iluminacao\/"},"modified":"2021-09-09T15:56:54","modified_gmt":"2021-09-09T15:56:54","slug":"reinventar-o-setor-da-iluminacao","status":"publish","type":"post","link":"https:\/\/www.iep.pt\/es\/reinventar-o-setor-da-iluminacao\/","title":{"rendered":"Reinventar o Setor da Ilumina\u00e7\u00e3o"},"content":{"rendered":"\n<p><a href=\"https:\/\/plus.google.com\/share?url=https%3A%2F%2Fwww.iep.pt%2Freinventar-o-setor-da-iluminacao%2F\" target=\"_blank\" rel=\"noreferrer noopener\">&nbsp;<\/a><a href=\"https:\/\/web.whatsapp.com\/send?text=Reinventar%20o%20Setor%20da%20Ilumina%C3%A7%C3%A3o%20%E2%98%9B%20https%3A%2F%2Fwww.iep.pt%2Freinventar-o-setor-da-iluminacao%2F\" target=\"_blank\" rel=\"noreferrer noopener\">&nbsp;<\/a><\/p>\n\n\n\n<p>Em artigo publicado na revista \u201cO eletricista\u201d, Rui Fernando S\u00e1, Gestor Comercial no IEP, fala-nos de um setor em transforma\u00e7\u00e3o.<\/p>\n\n\n\n<p>A ilumina\u00e7\u00e3o \u00e9 uma \u00e1rea de import\u00e2ncia crescente na economia portuguesa. No nosso pa\u00eds temos excelentes empresas fabricantes de lumin\u00e1rias para a ilumina\u00e7\u00e3o p\u00fablica, t\u00e9cnica e decorativa. S\u00e3o mais de 200 empresas que empregam mais de 3000 pessoas.<\/p>\n\n\n\n<p>O peso das exporta\u00e7\u00f5es continua a aumentar e j\u00e1 atinge n\u00fameros de aproximadamente 70% da sua factura\u00e7\u00e3o total, o que representa uma duplica\u00e7\u00e3o dos valores nesta \u00faltima d\u00e9cada. Estas exporta\u00e7\u00f5es visam mercados diversificados, com o Europeu, Norte Americano e Asi\u00e1tico.<\/p>\n\n\n\n<p>Existem empresas com um n\u00edvel de exporta\u00e7\u00e3o superior aos 90%, assistindo-se, cada vez mais, ao aumento das quotas de exporta\u00e7\u00e3o, aliadas ao crescimento do n\u00famero de pa\u00edses para onde as empresas exportam.<\/p>\n\n\n\n<p>Apesar destes n\u00fameros, o potencial de crescimento ainda \u00e9 enorme, o que obriga as empresas a estarem presentes nas feiras de refer\u00eancia como a Maison &amp; Object (Paris), Light &amp; Building (Frankfurt), Light Midlle East (Dubai) ou a Euroluce (Mil\u00e3o), na procura de novos contactos e oportunidades que lhes permitam continuar a aumentar os seus clientes externos.<\/p>\n\n\n\n<p>Aliado a este esfor\u00e7o, as empresas portuguesas consideram, cada vez mais, a import\u00e2ncia da inova\u00e7\u00e3o e do design nos seus produtos como um factor diferenciador e criador de uma mais-valia que lhes permita concorrer com os seus competidores internacionais.<\/p>\n\n\n\n<p>J\u00e1 n\u00e3o basta garantir a qualidade de constru\u00e7\u00e3o e o cumprimento de todo o quadro normativo inerente \u00e0 fabrica\u00e7\u00e3o das lumin\u00e1rias, sendo necess\u00e1rio inovar, investir em materiais diferentes, em novas utiliza\u00e7\u00f5es dos existentes e muito na parte est\u00e9tica do produto final.<\/p>\n\n\n\n<p>Na \u00e1rea da ilumina\u00e7\u00e3o decorativa, encontramos&nbsp;lumin\u00e1rias que&nbsp;aparecem&nbsp;com designs cada vez mais surpreendentes.<\/p>\n\n\n\n<p>A&nbsp;tend\u00eancia do design&nbsp;de ilumina\u00e7\u00e3o&nbsp;conduz a um esfor\u00e7o de renova\u00e7\u00e3o da oferta e, cada vez mais, as empresas criam os seus gabinetes de design ou recorrem mesmo a designers conceituados para a cria\u00e7\u00e3o das suas pe\u00e7as, muitas delas exclusivas, ou de produ\u00e7\u00e3o de linhas em n\u00famero limitado. Deste modo, conseguem criar um valor acrescentado ao seu produto, tornando-o mais apelativo e disputando um mercado cada vez mais importante, junto dos designers de interiores.<\/p>\n\n\n\n<p>Neste mercado, o pre\u00e7o n\u00e3o \u00e9 o factor mais importante, mas sim a percep\u00e7\u00e3o de qualidade e inova\u00e7\u00e3o da pe\u00e7a ou, quando \u00e9 o caso, o conhecimento do nome do designer.<\/p>\n\n\n\n<p>Tamb\u00e9m conseguem exportar para mercados que, de outra forma, permaneceriam fechados, abrindo assim novas oportunidades e levando a Marca \u201cMade in Portugal\u201d a todos os cantos do mundo.<\/p>\n\n\n\n<p>Com a tecnologia ao servi\u00e7o da funcionalidade, os designers&nbsp;atrav\u00e9s da sua genialidade e criatividade ter\u00e3o uma import\u00e2ncia crescente nesta ind\u00fastria. O resultado de toda esta mudan\u00e7a de paradigma s\u00e3o os lan\u00e7amentos de&nbsp;lumin\u00e1rias&nbsp;com&nbsp;os mais diferentes materiais, desenhos, cores e efeitos de&nbsp;ilumina\u00e7\u00e3o que possamos imaginar.<\/p>\n\n\n\n<p>Nesta transforma\u00e7\u00e3o, o ensino e a forma\u00e7\u00e3o profissional tamb\u00e9m ter\u00e3o a sua contribui\u00e7\u00e3o. Por exemplo, j\u00e1 existe uma p\u00f3s gradua\u00e7\u00e3o em Design de Ilumina\u00e7\u00e3o e ser\u00e1 necess\u00e1rio formar os colaboradores para as novas t\u00e9cnicas a aplicar no fabrico das lumin\u00e1rias.<\/p>\n\n\n\n<p>O IEP continuar\u00e1 a apoiar as empresas do sector garantindo-lhes a conformidade dos seus produtos no aux\u00edlio \u00e0 marca\u00e7\u00e3o CE (seguran\u00e7a el\u00e9trica e compatibilidade eletromagn\u00e9tica) e na obten\u00e7\u00e3o da marca SASO, entre outras, assistindo com entusiasmo \u00e0 mudan\u00e7a e crescimento que este sector vem atravessando!<\/p>\n","protected":false},"excerpt":{"rendered":"<p>&nbsp;&nbsp; Em artigo publicado na revista \u201cO eletricista\u201d, Rui Fernando S\u00e1, Gestor Comercial no IEP, fala-nos de um setor em transforma\u00e7\u00e3o. A ilumina\u00e7\u00e3o \u00e9 uma \u00e1rea de import\u00e2ncia crescente na &hellip;<\/p>\n<p class=\"read-more\"> <a class=\"ast-button\" href=\"https:\/\/www.iep.pt\/es\/reinventar-o-setor-da-iluminacao\/\"> <span class=\"screen-reader-text\">Reinventar o Setor da Ilumina\u00e7\u00e3o<\/span> Descubra mais<\/a><\/p>\n","protected":false},"author":2,"featured_media":13698,"comment_status":"closed","ping_status":"open","sticky":false,"template":"","format":"standard","meta":{"spay_email":"","jetpack_publicize_message":"","jetpack_is_tweetstorm":false,"jetpack_publicize_feature_enabled":true},"categories":[292],"tags":[],"acf":[],"jetpack_featured_media_url":"https:\/\/www.iep.pt\/wp-content\/uploads\/2021\/08\/A-problematica-do-isolamento-equivalente-a-classe-II-de-isolamento-em-quadros-de-colunas_quadros-de-centralizacao-de-contagem-1.png","_links":{"self":[{"href":"https:\/\/www.iep.pt\/es\/wp-json\/wp\/v2\/posts\/13263"}],"collection":[{"href":"https:\/\/www.iep.pt\/es\/wp-json\/wp\/v2\/posts"}],"about":[{"href":"https:\/\/www.iep.pt\/es\/wp-json\/wp\/v2\/types\/post"}],"author":[{"embeddable":true,"href":"https:\/\/www.iep.pt\/es\/wp-json\/wp\/v2\/users\/2"}],"replies":[{"embeddable":true,"href":"https:\/\/www.iep.pt\/es\/wp-json\/wp\/v2\/comments?post=13263"}],"version-history":[{"count":0,"href":"https:\/\/www.iep.pt\/es\/wp-json\/wp\/v2\/posts\/13263\/revisions"}],"wp:featuredmedia":[{"embeddable":true,"href":"https:\/\/www.iep.pt\/es\/wp-json\/wp\/v2\/media\/13698"}],"wp:attachment":[{"href":"https:\/\/www.iep.pt\/es\/wp-json\/wp\/v2\/media?parent=13263"}],"wp:term":[{"taxonomy":"category","embeddable":true,"href":"https:\/\/www.iep.pt\/es\/wp-json\/wp\/v2\/categories?post=13263"},{"taxonomy":"post_tag","embeddable":true,"href":"https:\/\/www.iep.pt\/es\/wp-json\/wp\/v2\/tags?post=13263"}],"curies":[{"name":"wp","href":"https:\/\/api.w.org\/{rel}","templated":true}]}}