{"id":13266,"date":"2021-08-23T09:43:30","date_gmt":"2021-08-23T09:43:30","guid":{"rendered":"https:\/\/www.iep.pt\/o-iep-e-membro-associado-da-apesf\/"},"modified":"2021-09-09T15:54:53","modified_gmt":"2021-09-09T15:54:53","slug":"o-iep-e-membro-associado-da-apesf","status":"publish","type":"post","link":"https:\/\/www.iep.pt\/es\/o-iep-e-membro-associado-da-apesf\/","title":{"rendered":"O IEP \u00e9 membro associado da APESF!"},"content":{"rendered":"\n<p>O IEP associou-se \u00e0 APESF porque sabe que pode ajudar os clientes a melhorar e a gerir melhor as suas infraestruturas fotovoltaicas, atrav\u00e9s da aplica\u00e7\u00e3o de m\u00e9todos de auditoria, inspe\u00e7\u00e3o e ensaio n\u00e3o destrutivos que permitam validar de forma r\u00e1pida e segura as condi\u00e7\u00f5es de desempenho e seguran\u00e7a de equipamentos, sistemas e infraestruturas.<\/p>\n\n\n\n<p>A&nbsp;<a href=\"https:\/\/www.apesf.pt\/index.php\/component\/spsimpleportfolio\/item\/47-instituto-eletrotecnico-portugues\">APESF<\/a>&nbsp;\u00e9 uma associa\u00e7\u00e3o sem fins lucrativos que se dedica a promover o desenvolvimento e a dinamiza\u00e7\u00e3o do mercado da energia fotovoltaica em Portugal, de forma a acompanhar o desenvolvimento que caracteriza o sector.<\/p>\n","protected":false},"excerpt":{"rendered":"<p>O IEP associou-se \u00e0 APESF porque sabe que pode ajudar os clientes a melhorar e a gerir melhor as suas infraestruturas fotovoltaicas, atrav\u00e9s da aplica\u00e7\u00e3o de m\u00e9todos de auditoria, inspe\u00e7\u00e3o &hellip;<\/p>\n<p class=\"read-more\"> <a class=\"ast-button\" href=\"https:\/\/www.iep.pt\/es\/o-iep-e-membro-associado-da-apesf\/\"> <span class=\"screen-reader-text\">O IEP \u00e9 membro associado da APESF!<\/span> Descubra mais<\/a><\/p>\n","protected":false},"author":2,"featured_media":13694,"comment_status":"closed","ping_status":"open","sticky":false,"template":"","format":"standard","meta":{"spay_email":"","jetpack_publicize_message":"","jetpack_is_tweetstorm":false,"jetpack_publicize_feature_enabled":true},"categories":[],"tags":[],"acf":[],"jetpack_featured_media_url":"https:\/\/www.iep.pt\/wp-content\/uploads\/2021\/08\/APESF_Logo_site_003.png","_links":{"self":[{"href":"https:\/\/www.iep.pt\/es\/wp-json\/wp\/v2\/posts\/13266"}],"collection":[{"href":"https:\/\/www.iep.pt\/es\/wp-json\/wp\/v2\/posts"}],"about":[{"href":"https:\/\/www.iep.pt\/es\/wp-json\/wp\/v2\/types\/post"}],"author":[{"embeddable":true,"href":"https:\/\/www.iep.pt\/es\/wp-json\/wp\/v2\/users\/2"}],"replies":[{"embeddable":true,"href":"https:\/\/www.iep.pt\/es\/wp-json\/wp\/v2\/comments?post=13266"}],"version-history":[{"count":0,"href":"https:\/\/www.iep.pt\/es\/wp-json\/wp\/v2\/posts\/13266\/revisions"}],"wp:featuredmedia":[{"embeddable":true,"href":"https:\/\/www.iep.pt\/es\/wp-json\/wp\/v2\/media\/13694"}],"wp:attachment":[{"href":"https:\/\/www.iep.pt\/es\/wp-json\/wp\/v2\/media?parent=13266"}],"wp:term":[{"taxonomy":"category","embeddable":true,"href":"https:\/\/www.iep.pt\/es\/wp-json\/wp\/v2\/categories?post=13266"},{"taxonomy":"post_tag","embeddable":true,"href":"https:\/\/www.iep.pt\/es\/wp-json\/wp\/v2\/tags?post=13266"}],"curies":[{"name":"wp","href":"https:\/\/api.w.org\/{rel}","templated":true}]}}